{"id":124,"date":"2018-02-09T14:52:33","date_gmt":"2018-02-09T13:52:33","guid":{"rendered":"http:\/\/ericbertrand.be\/?p=124"},"modified":"2018-02-23T14:24:37","modified_gmt":"2018-02-23T13:24:37","slug":"la-transformation-numerique-quest-ce-que-cela-peut-bien-signifier-pour-une-entreprise","status":"publish","type":"post","link":"https:\/\/ericbertrand.be\/index.php\/2018\/02\/09\/la-transformation-numerique-quest-ce-que-cela-peut-bien-signifier-pour-une-entreprise\/","title":{"rendered":"La transformation num\u00e9rique, qu&rsquo;est-ce que cela peut bien signifier pour une entreprise ?"},"content":{"rendered":"<h4><img loading=\"lazy\" decoding=\"async\" class=\"alignnone wp-image-128 size-large\" src=\"http:\/\/ericbertrand.be\/wp-content\/uploads\/2018\/02\/facturation-electronique-1024x333.jpg\" alt=\"\" width=\"1024\" height=\"333\" srcset=\"https:\/\/ericbertrand.be\/wp-content\/uploads\/2018\/02\/facturation-electronique-1024x333.jpg 1024w, https:\/\/ericbertrand.be\/wp-content\/uploads\/2018\/02\/facturation-electronique-300x97.jpg 300w, https:\/\/ericbertrand.be\/wp-content\/uploads\/2018\/02\/facturation-electronique-768x249.jpg 768w, https:\/\/ericbertrand.be\/wp-content\/uploads\/2018\/02\/facturation-electronique-280x91.jpg 280w, https:\/\/ericbertrand.be\/wp-content\/uploads\/2018\/02\/facturation-electronique-1170x380.jpg 1170w, https:\/\/ericbertrand.be\/wp-content\/uploads\/2018\/02\/facturation-electronique.jpg 1404w\" sizes=\"auto, (max-width: 1024px) 100vw, 1024px\" \/><\/h4>\n<h4>En 2018, ce que l\u2019on esp\u00e8re d\u2019une entreprise, c\u2019est qu\u2019elle soit au moins capable de g\u00e9rer son flux de facture entrant et sortant au format \u00e9lectronique. On peut donc consid\u00e9rer que le num\u00e9rique, li\u00e9 \u00e0 la gestion et la comptabilit\u00e9, soit un bon point de d\u00e9part pour envisager ensuite bien d\u2019autres outils digitaux. La convergence vers la comptabilit\u00e9 de l\u2019avant-vente incluant la politique internet jusqu\u2019\u00e0 la comptabilit\u00e9 avec la gestion financi\u00e8re sont les voies \u00e0 explorer ou am\u00e9liorer !<\/h4>\n<p>Pour ce faire il est souhaitable que la communication avec les comptables internes ou externes et le management soit am\u00e9lior\u00e9e, et que l\u2019on en arrive \u00e0 des tableaux de bord pr\u00e9dictifs incluant des indicateurs propres au coeur de m\u00e9tier (eh oui c\u2019est possible\u2026)<\/p>\n<p>Comment envisager sereinement les outils formidables qui s\u2019offrent \u00e0 nous dans un futur proche, telle que \u00ab <a href=\"http:\/\/ericbertrand.be\/index.php\/2018\/02\/08\/videos-stephane-mallard-intelligence-artificiel-cest-maintenant-et-cest-la-revolution\/\">l\u2019intelligence artificielle<\/a> \u00bb alors que la majorit\u00e9 des <strong>entreprises traitent encore de nombreux flux papier<\/strong>\u2026 Il est temps de s\u2019y mettre, 2018 est le bon moment pour les bonnes r\u00e9solutions \u00e0 tenir !!!<\/p>\n<p>Et pour s\u2019y mettre, <strong>le trio gagnant, c\u2019est bien \u00e9videment l\u2019entrepreneur, soutenu par le comptable et l\u2019informaticien de gestion<\/strong>.<\/p>\n<p>Ce trio est encourag\u00e9 \u00e0 fonctionner par la R\u00e9gion wallonne au travers des nouvelles aides \u00ab ch\u00e8ques entreprises \u00bb qui visent \u00e0 apporter le financement d\u2019une partie de l\u2019analyse, de l\u2019accompagnement et de la formation aux entreprises qui souhaitent notamment avancer dans le num\u00e9rique !<\/p>\n<p>Les aides sont significatives et rapidement disponibles puisque <a href=\"https:\/\/www.cheques-entreprises.be\/web\/\">les ch\u00e8ques entreprises<\/a> peuvent \u00eatre disponibles en un mois avec des aides pouvant monter jusqu\u2019\u00e0 75.000 \u20ac.<\/p>\n<p>Avec une aide importante de la R\u00e9gion wallonne au travers de <a href=\"https:\/\/www.digitalwallonia.be\">Digital Wallonia<\/a>, plus d\u2019excuse pour repousser ces projets de digitalisation ! C\u2019est maintenant !<\/p>\n<p><strong>\u00c0 la cl\u00e9, gain de temps, \u00e9conomies, gestion des liquidit\u00e9s am\u00e9lior\u00e9e, am\u00e9lioration des canaux de distribution,\u2026<\/strong> autant d\u2019arguments qui invitent chaque entrepreneur \u00e0 am\u00e9liorer ses outils et politiques num\u00e9riques.<\/p>\n<p><span style=\"color: #f7a548; font-weight: bold;\">RENDEZ-VOUS SUR LES SITES OU SCANNEZ CES QR-CODES :<\/span><\/p>\n<p><img loading=\"lazy\" decoding=\"async\" class=\"wp-image-131 size-medium alignnone\" src=\"http:\/\/ericbertrand.be\/wp-content\/uploads\/2018\/02\/qr-code-factruration-300x155.jpg\" alt=\"qr-code-facturation\" width=\"300\" height=\"155\" srcset=\"https:\/\/ericbertrand.be\/wp-content\/uploads\/2018\/02\/qr-code-factruration-300x155.jpg 300w, https:\/\/ericbertrand.be\/wp-content\/uploads\/2018\/02\/qr-code-factruration-280x145.jpg 280w, https:\/\/ericbertrand.be\/wp-content\/uploads\/2018\/02\/qr-code-factruration.jpg 658w\" sizes=\"auto, (max-width: 300px) 100vw, 300px\" \/><\/p>\n<p><a href=\"http:\/\/www.cheques-entreprises.be\">www.cheques-entreprises.be<\/a><br \/>\n<a href=\"http:\/\/www.digitalwallonia.be\/facturationelectronique-digital-wallonia\">www.digitalwallonia.be\/facturationelectronique-digital-wallonia<\/a><\/p>\n<p>Eric Bertrand &#8211; Informaticien<br \/>\nwww.ebsys.be &#8211; ebe@ebsys.be<\/p>\n","protected":false},"excerpt":{"rendered":"<p>En 2018, ce que l\u2019on esp\u00e8re d\u2019une entreprise, c\u2019est qu\u2019elle soit au moins capable de g\u00e9rer son flux de facture entrant et sortant au format \u00e9lectronique. On peut donc consid\u00e9rer que le num\u00e9rique, li\u00e9 \u00e0 la gestion et la comptabilit\u00e9, soit un bon point de d\u00e9part pour envisager ensuite bien d\u2019autres outils digitaux. La convergence<\/p>\n","protected":false},"author":1,"featured_media":0,"comment_status":"open","ping_status":"open","sticky":false,"template":"","format":"standard","meta":{"footnotes":""},"categories":[4,5],"tags":[18,13,15],"class_list":["post-124","post","type-post","status-publish","format-standard","hentry","category-digitalisation","category-facturation-electronique","tag-digitalisation","tag-facturation-electronique","tag-transformation-numerique"],"yoast_head":"<!-- This site is optimized with the Yoast SEO plugin v25.8 - https:\/\/yoast.com\/wordpress\/plugins\/seo\/ -->\n<title>La transformation num\u00e9rique, qu&#039;est-ce que cela peut bien signifier pour une entreprise ? - Eric Bertrand<\/title>\n<meta name=\"robots\" content=\"index, follow, max-snippet:-1, max-image-preview:large, max-video-preview:-1\" \/>\n<link rel=\"canonical\" href=\"http:\/\/ericbertrand.be\/index.php\/2018\/02\/09\/la-transformation-numerique-quest-ce-que-cela-peut-bien-signifier-pour-une-entreprise\/\" \/>\n<meta property=\"og:locale\" content=\"fr_FR\" \/>\n<meta property=\"og:type\" content=\"article\" \/>\n<meta property=\"og:title\" content=\"La transformation num\u00e9rique, qu&#039;est-ce que cela peut bien signifier pour une entreprise ? - Eric Bertrand\" \/>\n<meta property=\"og:description\" content=\"En 2018, ce que l\u2019on esp\u00e8re d\u2019une entreprise, c\u2019est qu\u2019elle soit au moins capable de g\u00e9rer son flux de facture entrant et sortant au format \u00e9lectronique. On peut donc consid\u00e9rer que le num\u00e9rique, li\u00e9 \u00e0 la gestion et la comptabilit\u00e9, soit un bon point de d\u00e9part pour envisager ensuite bien d\u2019autres outils digitaux. La convergence\" \/>\n<meta property=\"og:url\" content=\"http:\/\/ericbertrand.be\/index.php\/2018\/02\/09\/la-transformation-numerique-quest-ce-que-cela-peut-bien-signifier-pour-une-entreprise\/\" \/>\n<meta property=\"og:site_name\" content=\"Eric Bertrand\" \/>\n<meta property=\"article:published_time\" content=\"2018-02-09T13:52:33+00:00\" \/>\n<meta property=\"article:modified_time\" content=\"2018-02-23T13:24:37+00:00\" \/>\n<meta property=\"og:image\" content=\"http:\/\/ericbertrand.be\/wp-content\/uploads\/2018\/02\/facturation-electronique-1024x333.jpg\" \/>\n<meta name=\"author\" content=\"Eric Bertrand\" \/>\n<meta name=\"twitter:card\" content=\"summary_large_image\" \/>\n<meta name=\"twitter:label1\" content=\"\u00c9crit par\" \/>\n\t<meta name=\"twitter:data1\" content=\"Eric Bertrand\" \/>\n\t<meta name=\"twitter:label2\" content=\"Dur\u00e9e de lecture estim\u00e9e\" \/>\n\t<meta name=\"twitter:data2\" content=\"2 minutes\" \/>\n<script type=\"application\/ld+json\" class=\"yoast-schema-graph\">{\"@context\":\"https:\/\/schema.org\",\"@graph\":[{\"@type\":\"Article\",\"@id\":\"http:\/\/ericbertrand.be\/index.php\/2018\/02\/09\/la-transformation-numerique-quest-ce-que-cela-peut-bien-signifier-pour-une-entreprise\/#article\",\"isPartOf\":{\"@id\":\"http:\/\/ericbertrand.be\/index.php\/2018\/02\/09\/la-transformation-numerique-quest-ce-que-cela-peut-bien-signifier-pour-une-entreprise\/\"},\"author\":{\"name\":\"Eric Bertrand\",\"@id\":\"http:\/\/ericbertrand.be\/#\/schema\/person\/8c1daa4d6236bdf3b9f7e5464718b6a3\"},\"headline\":\"La transformation num\u00e9rique, qu&rsquo;est-ce que cela peut bien signifier pour une entreprise ?\",\"datePublished\":\"2018-02-09T13:52:33+00:00\",\"dateModified\":\"2018-02-23T13:24:37+00:00\",\"mainEntityOfPage\":{\"@id\":\"http:\/\/ericbertrand.be\/index.php\/2018\/02\/09\/la-transformation-numerique-quest-ce-que-cela-peut-bien-signifier-pour-une-entreprise\/\"},\"wordCount\":376,\"commentCount\":0,\"publisher\":{\"@id\":\"http:\/\/ericbertrand.be\/#\/schema\/person\/8c1daa4d6236bdf3b9f7e5464718b6a3\"},\"image\":{\"@id\":\"http:\/\/ericbertrand.be\/index.php\/2018\/02\/09\/la-transformation-numerique-quest-ce-que-cela-peut-bien-signifier-pour-une-entreprise\/#primaryimage\"},\"thumbnailUrl\":\"http:\/\/ericbertrand.be\/wp-content\/uploads\/2018\/02\/facturation-electronique-1024x333.jpg\",\"keywords\":[\"digitalisation\",\"facturation \u00e9lectronique\",\"transformation\u00a0num\u00e9rique\"],\"articleSection\":[\"Digitalisation\",\"Facturation \u00c9lectronique\"],\"inLanguage\":\"fr-FR\",\"potentialAction\":[{\"@type\":\"CommentAction\",\"name\":\"Comment\",\"target\":[\"http:\/\/ericbertrand.be\/index.php\/2018\/02\/09\/la-transformation-numerique-quest-ce-que-cela-peut-bien-signifier-pour-une-entreprise\/#respond\"]}]},{\"@type\":\"WebPage\",\"@id\":\"http:\/\/ericbertrand.be\/index.php\/2018\/02\/09\/la-transformation-numerique-quest-ce-que-cela-peut-bien-signifier-pour-une-entreprise\/\",\"url\":\"http:\/\/ericbertrand.be\/index.php\/2018\/02\/09\/la-transformation-numerique-quest-ce-que-cela-peut-bien-signifier-pour-une-entreprise\/\",\"name\":\"La transformation num\u00e9rique, qu'est-ce que cela peut bien signifier pour une entreprise ? - Eric Bertrand\",\"isPartOf\":{\"@id\":\"http:\/\/ericbertrand.be\/#website\"},\"primaryImageOfPage\":{\"@id\":\"http:\/\/ericbertrand.be\/index.php\/2018\/02\/09\/la-transformation-numerique-quest-ce-que-cela-peut-bien-signifier-pour-une-entreprise\/#primaryimage\"},\"image\":{\"@id\":\"http:\/\/ericbertrand.be\/index.php\/2018\/02\/09\/la-transformation-numerique-quest-ce-que-cela-peut-bien-signifier-pour-une-entreprise\/#primaryimage\"},\"thumbnailUrl\":\"http:\/\/ericbertrand.be\/wp-content\/uploads\/2018\/02\/facturation-electronique-1024x333.jpg\",\"datePublished\":\"2018-02-09T13:52:33+00:00\",\"dateModified\":\"2018-02-23T13:24:37+00:00\",\"breadcrumb\":{\"@id\":\"http:\/\/ericbertrand.be\/index.php\/2018\/02\/09\/la-transformation-numerique-quest-ce-que-cela-peut-bien-signifier-pour-une-entreprise\/#breadcrumb\"},\"inLanguage\":\"fr-FR\",\"potentialAction\":[{\"@type\":\"ReadAction\",\"target\":[\"http:\/\/ericbertrand.be\/index.php\/2018\/02\/09\/la-transformation-numerique-quest-ce-que-cela-peut-bien-signifier-pour-une-entreprise\/\"]}]},{\"@type\":\"ImageObject\",\"inLanguage\":\"fr-FR\",\"@id\":\"http:\/\/ericbertrand.be\/index.php\/2018\/02\/09\/la-transformation-numerique-quest-ce-que-cela-peut-bien-signifier-pour-une-entreprise\/#primaryimage\",\"url\":\"https:\/\/ericbertrand.be\/wp-content\/uploads\/2018\/02\/facturation-electronique.jpg\",\"contentUrl\":\"https:\/\/ericbertrand.be\/wp-content\/uploads\/2018\/02\/facturation-electronique.jpg\",\"width\":1404,\"height\":456},{\"@type\":\"BreadcrumbList\",\"@id\":\"http:\/\/ericbertrand.be\/index.php\/2018\/02\/09\/la-transformation-numerique-quest-ce-que-cela-peut-bien-signifier-pour-une-entreprise\/#breadcrumb\",\"itemListElement\":[{\"@type\":\"ListItem\",\"position\":1,\"name\":\"Accueil\",\"item\":\"http:\/\/ericbertrand.be\/\"},{\"@type\":\"ListItem\",\"position\":2,\"name\":\"La transformation num\u00e9rique, qu&rsquo;est-ce que cela peut bien signifier pour une entreprise ?\"}]},{\"@type\":\"WebSite\",\"@id\":\"http:\/\/ericbertrand.be\/#website\",\"url\":\"http:\/\/ericbertrand.be\/\",\"name\":\"Eric Bertrand\",\"description\":\"Eric Bertrand : Conf\u00e9rencier, consultant et entrepreneur\",\"publisher\":{\"@id\":\"http:\/\/ericbertrand.be\/#\/schema\/person\/8c1daa4d6236bdf3b9f7e5464718b6a3\"},\"potentialAction\":[{\"@type\":\"SearchAction\",\"target\":{\"@type\":\"EntryPoint\",\"urlTemplate\":\"http:\/\/ericbertrand.be\/?s={search_term_string}\"},\"query-input\":{\"@type\":\"PropertyValueSpecification\",\"valueRequired\":true,\"valueName\":\"search_term_string\"}}],\"inLanguage\":\"fr-FR\"},{\"@type\":[\"Person\",\"Organization\"],\"@id\":\"http:\/\/ericbertrand.be\/#\/schema\/person\/8c1daa4d6236bdf3b9f7e5464718b6a3\",\"name\":\"Eric Bertrand\",\"image\":{\"@type\":\"ImageObject\",\"inLanguage\":\"fr-FR\",\"@id\":\"http:\/\/ericbertrand.be\/#\/schema\/person\/image\/\",\"url\":\"https:\/\/secure.gravatar.com\/avatar\/203e8779cdc232dab7339a0203eb6d2e3c4496c340e5e06a1ddda8999e5215c9?s=96&d=mm&r=g\",\"contentUrl\":\"https:\/\/secure.gravatar.com\/avatar\/203e8779cdc232dab7339a0203eb6d2e3c4496c340e5e06a1ddda8999e5215c9?s=96&d=mm&r=g\",\"caption\":\"Eric Bertrand\"},\"logo\":{\"@id\":\"http:\/\/ericbertrand.be\/#\/schema\/person\/image\/\"},\"description\":\"Informaticien de gestion-ing\u00e9nieur syst\u00e8me-d\u00e9veloppeur Windev-Instrumentiste-automaticien r\u00e9gulateur CEO EB SYS SPRL\",\"url\":\"https:\/\/ericbertrand.be\/index.php\/author\/admin3210\/\"}]}<\/script>\n<!-- \/ Yoast SEO plugin. -->","yoast_head_json":{"title":"La transformation num\u00e9rique, qu'est-ce que cela peut bien signifier pour une entreprise ? - Eric Bertrand","robots":{"index":"index","follow":"follow","max-snippet":"max-snippet:-1","max-image-preview":"max-image-preview:large","max-video-preview":"max-video-preview:-1"},"canonical":"http:\/\/ericbertrand.be\/index.php\/2018\/02\/09\/la-transformation-numerique-quest-ce-que-cela-peut-bien-signifier-pour-une-entreprise\/","og_locale":"fr_FR","og_type":"article","og_title":"La transformation num\u00e9rique, qu'est-ce que cela peut bien signifier pour une entreprise ? - Eric Bertrand","og_description":"En 2018, ce que l\u2019on esp\u00e8re d\u2019une entreprise, c\u2019est qu\u2019elle soit au moins capable de g\u00e9rer son flux de facture entrant et sortant au format \u00e9lectronique. On peut donc consid\u00e9rer que le num\u00e9rique, li\u00e9 \u00e0 la gestion et la comptabilit\u00e9, soit un bon point de d\u00e9part pour envisager ensuite bien d\u2019autres outils digitaux. La convergence","og_url":"http:\/\/ericbertrand.be\/index.php\/2018\/02\/09\/la-transformation-numerique-quest-ce-que-cela-peut-bien-signifier-pour-une-entreprise\/","og_site_name":"Eric Bertrand","article_published_time":"2018-02-09T13:52:33+00:00","article_modified_time":"2018-02-23T13:24:37+00:00","og_image":[{"url":"http:\/\/ericbertrand.be\/wp-content\/uploads\/2018\/02\/facturation-electronique-1024x333.jpg","type":"","width":"","height":""}],"author":"Eric Bertrand","twitter_card":"summary_large_image","twitter_misc":{"\u00c9crit par":"Eric Bertrand","Dur\u00e9e de lecture estim\u00e9e":"2 minutes"},"schema":{"@context":"https:\/\/schema.org","@graph":[{"@type":"Article","@id":"http:\/\/ericbertrand.be\/index.php\/2018\/02\/09\/la-transformation-numerique-quest-ce-que-cela-peut-bien-signifier-pour-une-entreprise\/#article","isPartOf":{"@id":"http:\/\/ericbertrand.be\/index.php\/2018\/02\/09\/la-transformation-numerique-quest-ce-que-cela-peut-bien-signifier-pour-une-entreprise\/"},"author":{"name":"Eric Bertrand","@id":"http:\/\/ericbertrand.be\/#\/schema\/person\/8c1daa4d6236bdf3b9f7e5464718b6a3"},"headline":"La transformation num\u00e9rique, qu&rsquo;est-ce que cela peut bien signifier pour une entreprise ?","datePublished":"2018-02-09T13:52:33+00:00","dateModified":"2018-02-23T13:24:37+00:00","mainEntityOfPage":{"@id":"http:\/\/ericbertrand.be\/index.php\/2018\/02\/09\/la-transformation-numerique-quest-ce-que-cela-peut-bien-signifier-pour-une-entreprise\/"},"wordCount":376,"commentCount":0,"publisher":{"@id":"http:\/\/ericbertrand.be\/#\/schema\/person\/8c1daa4d6236bdf3b9f7e5464718b6a3"},"image":{"@id":"http:\/\/ericbertrand.be\/index.php\/2018\/02\/09\/la-transformation-numerique-quest-ce-que-cela-peut-bien-signifier-pour-une-entreprise\/#primaryimage"},"thumbnailUrl":"http:\/\/ericbertrand.be\/wp-content\/uploads\/2018\/02\/facturation-electronique-1024x333.jpg","keywords":["digitalisation","facturation \u00e9lectronique","transformation\u00a0num\u00e9rique"],"articleSection":["Digitalisation","Facturation \u00c9lectronique"],"inLanguage":"fr-FR","potentialAction":[{"@type":"CommentAction","name":"Comment","target":["http:\/\/ericbertrand.be\/index.php\/2018\/02\/09\/la-transformation-numerique-quest-ce-que-cela-peut-bien-signifier-pour-une-entreprise\/#respond"]}]},{"@type":"WebPage","@id":"http:\/\/ericbertrand.be\/index.php\/2018\/02\/09\/la-transformation-numerique-quest-ce-que-cela-peut-bien-signifier-pour-une-entreprise\/","url":"http:\/\/ericbertrand.be\/index.php\/2018\/02\/09\/la-transformation-numerique-quest-ce-que-cela-peut-bien-signifier-pour-une-entreprise\/","name":"La transformation num\u00e9rique, qu'est-ce que cela peut bien signifier pour une entreprise ? - Eric Bertrand","isPartOf":{"@id":"http:\/\/ericbertrand.be\/#website"},"primaryImageOfPage":{"@id":"http:\/\/ericbertrand.be\/index.php\/2018\/02\/09\/la-transformation-numerique-quest-ce-que-cela-peut-bien-signifier-pour-une-entreprise\/#primaryimage"},"image":{"@id":"http:\/\/ericbertrand.be\/index.php\/2018\/02\/09\/la-transformation-numerique-quest-ce-que-cela-peut-bien-signifier-pour-une-entreprise\/#primaryimage"},"thumbnailUrl":"http:\/\/ericbertrand.be\/wp-content\/uploads\/2018\/02\/facturation-electronique-1024x333.jpg","datePublished":"2018-02-09T13:52:33+00:00","dateModified":"2018-02-23T13:24:37+00:00","breadcrumb":{"@id":"http:\/\/ericbertrand.be\/index.php\/2018\/02\/09\/la-transformation-numerique-quest-ce-que-cela-peut-bien-signifier-pour-une-entreprise\/#breadcrumb"},"inLanguage":"fr-FR","potentialAction":[{"@type":"ReadAction","target":["http:\/\/ericbertrand.be\/index.php\/2018\/02\/09\/la-transformation-numerique-quest-ce-que-cela-peut-bien-signifier-pour-une-entreprise\/"]}]},{"@type":"ImageObject","inLanguage":"fr-FR","@id":"http:\/\/ericbertrand.be\/index.php\/2018\/02\/09\/la-transformation-numerique-quest-ce-que-cela-peut-bien-signifier-pour-une-entreprise\/#primaryimage","url":"https:\/\/ericbertrand.be\/wp-content\/uploads\/2018\/02\/facturation-electronique.jpg","contentUrl":"https:\/\/ericbertrand.be\/wp-content\/uploads\/2018\/02\/facturation-electronique.jpg","width":1404,"height":456},{"@type":"BreadcrumbList","@id":"http:\/\/ericbertrand.be\/index.php\/2018\/02\/09\/la-transformation-numerique-quest-ce-que-cela-peut-bien-signifier-pour-une-entreprise\/#breadcrumb","itemListElement":[{"@type":"ListItem","position":1,"name":"Accueil","item":"http:\/\/ericbertrand.be\/"},{"@type":"ListItem","position":2,"name":"La transformation num\u00e9rique, qu&rsquo;est-ce que cela peut bien signifier pour une entreprise ?"}]},{"@type":"WebSite","@id":"http:\/\/ericbertrand.be\/#website","url":"http:\/\/ericbertrand.be\/","name":"Eric Bertrand","description":"Eric Bertrand : Conf\u00e9rencier, consultant et entrepreneur","publisher":{"@id":"http:\/\/ericbertrand.be\/#\/schema\/person\/8c1daa4d6236bdf3b9f7e5464718b6a3"},"potentialAction":[{"@type":"SearchAction","target":{"@type":"EntryPoint","urlTemplate":"http:\/\/ericbertrand.be\/?s={search_term_string}"},"query-input":{"@type":"PropertyValueSpecification","valueRequired":true,"valueName":"search_term_string"}}],"inLanguage":"fr-FR"},{"@type":["Person","Organization"],"@id":"http:\/\/ericbertrand.be\/#\/schema\/person\/8c1daa4d6236bdf3b9f7e5464718b6a3","name":"Eric Bertrand","image":{"@type":"ImageObject","inLanguage":"fr-FR","@id":"http:\/\/ericbertrand.be\/#\/schema\/person\/image\/","url":"https:\/\/secure.gravatar.com\/avatar\/203e8779cdc232dab7339a0203eb6d2e3c4496c340e5e06a1ddda8999e5215c9?s=96&d=mm&r=g","contentUrl":"https:\/\/secure.gravatar.com\/avatar\/203e8779cdc232dab7339a0203eb6d2e3c4496c340e5e06a1ddda8999e5215c9?s=96&d=mm&r=g","caption":"Eric Bertrand"},"logo":{"@id":"http:\/\/ericbertrand.be\/#\/schema\/person\/image\/"},"description":"Informaticien de gestion-ing\u00e9nieur syst\u00e8me-d\u00e9veloppeur Windev-Instrumentiste-automaticien r\u00e9gulateur CEO EB SYS SPRL","url":"https:\/\/ericbertrand.be\/index.php\/author\/admin3210\/"}]}},"_links":{"self":[{"href":"https:\/\/ericbertrand.be\/index.php\/wp-json\/wp\/v2\/posts\/124","targetHints":{"allow":["GET"]}}],"collection":[{"href":"https:\/\/ericbertrand.be\/index.php\/wp-json\/wp\/v2\/posts"}],"about":[{"href":"https:\/\/ericbertrand.be\/index.php\/wp-json\/wp\/v2\/types\/post"}],"author":[{"embeddable":true,"href":"https:\/\/ericbertrand.be\/index.php\/wp-json\/wp\/v2\/users\/1"}],"replies":[{"embeddable":true,"href":"https:\/\/ericbertrand.be\/index.php\/wp-json\/wp\/v2\/comments?post=124"}],"version-history":[{"count":10,"href":"https:\/\/ericbertrand.be\/index.php\/wp-json\/wp\/v2\/posts\/124\/revisions"}],"predecessor-version":[{"id":186,"href":"https:\/\/ericbertrand.be\/index.php\/wp-json\/wp\/v2\/posts\/124\/revisions\/186"}],"wp:attachment":[{"href":"https:\/\/ericbertrand.be\/index.php\/wp-json\/wp\/v2\/media?parent=124"}],"wp:term":[{"taxonomy":"category","embeddable":true,"href":"https:\/\/ericbertrand.be\/index.php\/wp-json\/wp\/v2\/categories?post=124"},{"taxonomy":"post_tag","embeddable":true,"href":"https:\/\/ericbertrand.be\/index.php\/wp-json\/wp\/v2\/tags?post=124"}],"curies":[{"name":"wp","href":"https:\/\/api.w.org\/{rel}","templated":true}]}}