{"id":216,"date":"2018-03-15T16:32:00","date_gmt":"2018-03-15T15:32:00","guid":{"rendered":"http:\/\/ericbertrand.be\/?p=216"},"modified":"2018-03-15T16:36:36","modified_gmt":"2018-03-15T15:36:36","slug":"gdpr-aura-t-impact-prestataires-de-services-digitaux","status":"publish","type":"post","link":"https:\/\/ericbertrand.be\/index.php\/2018\/03\/15\/gdpr-aura-t-impact-prestataires-de-services-digitaux\/","title":{"rendered":"Le GDPR aura-t-il un impact sur les prestataires de services digitaux ?"},"content":{"rendered":"<h2><a href=\"https:\/\/www.digitalwallonia.be\/gdpr-prestataires-web\/\"><img loading=\"lazy\" decoding=\"async\" class=\"aligncenter size-medium\" src=\"https:\/\/www.digitalwallonia.be\/wp-content\/uploads\/2018\/03\/iStock-920176776-753x413.jpg\" alt=\"quel impact du gdpr sur les services digitaux\" width=\"753\" height=\"413\" \/><\/a><br \/>\nEn vigueur d\u00e8s le mois de mai, le GDPR impactera la gestion des donn\u00e9es personnelles des prestataires de services digitaux. Olivier De Doncker, Digital Wallonia Champion et Pr\u00e9sident de la f\u00e9d\u00e9ration des entrepreneurs du web (FeWeb), souligne l\u2019importance de ces changements de leur collecte \u00e0 leur transfert.<\/h2>\n<h3>Beaucoup d\u2019entreprises wallonnes peinent encore \u00e0 mesurer l\u2019ampleur des changements apport\u00e9s par le R\u00e8glement G\u00e9n\u00e9ral de Protection des donn\u00e9es (GDPR). Ce nouveau cadre l\u00e9gislatif entrera pourtant en vigueur d\u00e8s le 25 mai prochain.<\/h3>\n<h3>Deux r\u00f4les \u00e0 assurer<\/h3>\n<p>Les entreprises prestataires de services num\u00e9riques disposent tr\u00e8s souvent de donn\u00e9es relatives au personnel, clients et prospects. Cette combinaison les am\u00e8ne \u00e0 assumer \u00e0 la fois le r\u00f4le de sous-traitant et de responsable du traitement des donn\u00e9es.<\/p>\n<h3>GDPR et collecte des donn\u00e9es<\/h3>\n<p>Le traitement des donn\u00e9es \u00e0 caract\u00e8re personnel doit avoir un fondement juridique (\u00ab fondement du traitement \u00bb).<\/p>\n<p>Cette condition est remplie si l\u2019entreprise peut r\u00e9pondre affirmativement \u00e0 l\u2019une des trois questions suivantes :<\/p>\n<ol>\n<li style=\"list-style-type: none;\">\n<ol>\n<li>La personne concern\u00e9e a-t-elle donn\u00e9 son consentement ? (par exemple, lorsqu\u2019elle a rempli un formulaire en ligne).<\/li>\n<li>Le client a-t-il sign\u00e9 un contrat qui permet l\u2019usage de ses donn\u00e9es ? (par exemple, le traitement des donn\u00e9es \u00e0 caract\u00e8re personnel lors de l\u2019achat de produits et de services).<\/li>\n<li>Le responsable du traitement a-t-il un int\u00e9r\u00eat l\u00e9gitime \u00e0 utiliser ces donn\u00e9es ? (par exemple, le traitement de donn\u00e9es \u00e0 caract\u00e8re personnel pour le paiement des salaires).<\/li>\n<\/ol>\n<\/li>\n<\/ol>\n<p>Si aucune de ces conditions n\u2019est remplie, il faut obtenir le \u00ab consentement libre, sp\u00e9cifique, \u00e9clair\u00e9 et univoque \u00bb de la personne concern\u00e9e&#8230;&#8230;.. <a href=\"https:\/\/www.digitalwallonia.be\/gdpr-prestataires-web\/\">lire la suite de l&rsquo;article<\/a> sur digitalwallonia<\/p>\n<p>Source: <a href=\"https:\/\/www.digitalwallonia.be\/gdpr-prestataires-web\/\">digitalwallonia.be<\/a><br \/>\nAuteur: Olivier De Doncker<\/p>\n","protected":false},"excerpt":{"rendered":"<p>En vigueur d\u00e8s le mois de mai, le GDPR impactera la gestion des donn\u00e9es personnelles des prestataires de services digitaux. Olivier De Doncker, Digital Wallonia Champion et Pr\u00e9sident de la f\u00e9d\u00e9ration des entrepreneurs du web (FeWeb), souligne l\u2019importance de ces changements de leur collecte \u00e0 leur transfert. Beaucoup d\u2019entreprises wallonnes peinent encore \u00e0 mesurer l\u2019ampleur<\/p>\n","protected":false},"author":1,"featured_media":0,"comment_status":"open","ping_status":"open","sticky":false,"template":"","format":"standard","meta":{"footnotes":""},"categories":[1],"tags":[],"class_list":["post-216","post","type-post","status-publish","format-standard","hentry","category-non-classe"],"yoast_head":"<!-- This site is optimized with the Yoast SEO plugin v25.8 - https:\/\/yoast.com\/wordpress\/plugins\/seo\/ -->\n<title>Le GDPR aura-t-il un impact sur les prestataires de services digitaux ? - Eric Bertrand<\/title>\n<meta name=\"robots\" content=\"index, follow, max-snippet:-1, max-image-preview:large, max-video-preview:-1\" \/>\n<link rel=\"canonical\" href=\"https:\/\/ericbertrand.be\/index.php\/2018\/03\/15\/gdpr-aura-t-impact-prestataires-de-services-digitaux\/\" \/>\n<meta property=\"og:locale\" content=\"fr_FR\" \/>\n<meta property=\"og:type\" content=\"article\" \/>\n<meta property=\"og:title\" content=\"Le GDPR aura-t-il un impact sur les prestataires de services digitaux ? - Eric Bertrand\" \/>\n<meta property=\"og:description\" content=\"En vigueur d\u00e8s le mois de mai, le GDPR impactera la gestion des donn\u00e9es personnelles des prestataires de services digitaux. Olivier De Doncker, Digital Wallonia Champion et Pr\u00e9sident de la f\u00e9d\u00e9ration des entrepreneurs du web (FeWeb), souligne l\u2019importance de ces changements de leur collecte \u00e0 leur transfert. Beaucoup d\u2019entreprises wallonnes peinent encore \u00e0 mesurer l\u2019ampleur\" \/>\n<meta property=\"og:url\" content=\"https:\/\/ericbertrand.be\/index.php\/2018\/03\/15\/gdpr-aura-t-impact-prestataires-de-services-digitaux\/\" \/>\n<meta property=\"og:site_name\" content=\"Eric Bertrand\" \/>\n<meta property=\"article:published_time\" content=\"2018-03-15T15:32:00+00:00\" \/>\n<meta property=\"article:modified_time\" content=\"2018-03-15T15:36:36+00:00\" \/>\n<meta property=\"og:image\" content=\"https:\/\/www.digitalwallonia.be\/wp-content\/uploads\/2018\/03\/iStock-920176776-753x413.jpg\" \/>\n<meta name=\"author\" content=\"Eric Bertrand\" \/>\n<meta name=\"twitter:card\" content=\"summary_large_image\" \/>\n<meta name=\"twitter:label1\" content=\"\u00c9crit par\" \/>\n\t<meta name=\"twitter:data1\" content=\"Eric Bertrand\" \/>\n\t<meta name=\"twitter:label2\" content=\"Dur\u00e9e de lecture estim\u00e9e\" \/>\n\t<meta name=\"twitter:data2\" content=\"1 minute\" \/>\n<script type=\"application\/ld+json\" class=\"yoast-schema-graph\">{\"@context\":\"https:\/\/schema.org\",\"@graph\":[{\"@type\":\"Article\",\"@id\":\"https:\/\/ericbertrand.be\/index.php\/2018\/03\/15\/gdpr-aura-t-impact-prestataires-de-services-digitaux\/#article\",\"isPartOf\":{\"@id\":\"https:\/\/ericbertrand.be\/index.php\/2018\/03\/15\/gdpr-aura-t-impact-prestataires-de-services-digitaux\/\"},\"author\":{\"name\":\"Eric Bertrand\",\"@id\":\"http:\/\/ericbertrand.be\/#\/schema\/person\/8c1daa4d6236bdf3b9f7e5464718b6a3\"},\"headline\":\"Le GDPR aura-t-il un impact sur les prestataires de services digitaux ?\",\"datePublished\":\"2018-03-15T15:32:00+00:00\",\"dateModified\":\"2018-03-15T15:36:36+00:00\",\"mainEntityOfPage\":{\"@id\":\"https:\/\/ericbertrand.be\/index.php\/2018\/03\/15\/gdpr-aura-t-impact-prestataires-de-services-digitaux\/\"},\"wordCount\":306,\"commentCount\":0,\"publisher\":{\"@id\":\"http:\/\/ericbertrand.be\/#\/schema\/person\/8c1daa4d6236bdf3b9f7e5464718b6a3\"},\"image\":{\"@id\":\"https:\/\/ericbertrand.be\/index.php\/2018\/03\/15\/gdpr-aura-t-impact-prestataires-de-services-digitaux\/#primaryimage\"},\"thumbnailUrl\":\"https:\/\/www.digitalwallonia.be\/wp-content\/uploads\/2018\/03\/iStock-920176776-753x413.jpg\",\"inLanguage\":\"fr-FR\",\"potentialAction\":[{\"@type\":\"CommentAction\",\"name\":\"Comment\",\"target\":[\"https:\/\/ericbertrand.be\/index.php\/2018\/03\/15\/gdpr-aura-t-impact-prestataires-de-services-digitaux\/#respond\"]}]},{\"@type\":\"WebPage\",\"@id\":\"https:\/\/ericbertrand.be\/index.php\/2018\/03\/15\/gdpr-aura-t-impact-prestataires-de-services-digitaux\/\",\"url\":\"https:\/\/ericbertrand.be\/index.php\/2018\/03\/15\/gdpr-aura-t-impact-prestataires-de-services-digitaux\/\",\"name\":\"Le GDPR aura-t-il un impact sur les prestataires de services digitaux ? - Eric Bertrand\",\"isPartOf\":{\"@id\":\"http:\/\/ericbertrand.be\/#website\"},\"primaryImageOfPage\":{\"@id\":\"https:\/\/ericbertrand.be\/index.php\/2018\/03\/15\/gdpr-aura-t-impact-prestataires-de-services-digitaux\/#primaryimage\"},\"image\":{\"@id\":\"https:\/\/ericbertrand.be\/index.php\/2018\/03\/15\/gdpr-aura-t-impact-prestataires-de-services-digitaux\/#primaryimage\"},\"thumbnailUrl\":\"https:\/\/www.digitalwallonia.be\/wp-content\/uploads\/2018\/03\/iStock-920176776-753x413.jpg\",\"datePublished\":\"2018-03-15T15:32:00+00:00\",\"dateModified\":\"2018-03-15T15:36:36+00:00\",\"breadcrumb\":{\"@id\":\"https:\/\/ericbertrand.be\/index.php\/2018\/03\/15\/gdpr-aura-t-impact-prestataires-de-services-digitaux\/#breadcrumb\"},\"inLanguage\":\"fr-FR\",\"potentialAction\":[{\"@type\":\"ReadAction\",\"target\":[\"https:\/\/ericbertrand.be\/index.php\/2018\/03\/15\/gdpr-aura-t-impact-prestataires-de-services-digitaux\/\"]}]},{\"@type\":\"ImageObject\",\"inLanguage\":\"fr-FR\",\"@id\":\"https:\/\/ericbertrand.be\/index.php\/2018\/03\/15\/gdpr-aura-t-impact-prestataires-de-services-digitaux\/#primaryimage\",\"url\":\"https:\/\/www.digitalwallonia.be\/wp-content\/uploads\/2018\/03\/iStock-920176776-753x413.jpg\",\"contentUrl\":\"https:\/\/www.digitalwallonia.be\/wp-content\/uploads\/2018\/03\/iStock-920176776-753x413.jpg\"},{\"@type\":\"BreadcrumbList\",\"@id\":\"https:\/\/ericbertrand.be\/index.php\/2018\/03\/15\/gdpr-aura-t-impact-prestataires-de-services-digitaux\/#breadcrumb\",\"itemListElement\":[{\"@type\":\"ListItem\",\"position\":1,\"name\":\"Accueil\",\"item\":\"http:\/\/ericbertrand.be\/\"},{\"@type\":\"ListItem\",\"position\":2,\"name\":\"Le GDPR aura-t-il un impact sur les prestataires de services digitaux ?\"}]},{\"@type\":\"WebSite\",\"@id\":\"http:\/\/ericbertrand.be\/#website\",\"url\":\"http:\/\/ericbertrand.be\/\",\"name\":\"Eric Bertrand\",\"description\":\"Eric Bertrand : Conf\u00e9rencier, consultant et entrepreneur\",\"publisher\":{\"@id\":\"http:\/\/ericbertrand.be\/#\/schema\/person\/8c1daa4d6236bdf3b9f7e5464718b6a3\"},\"potentialAction\":[{\"@type\":\"SearchAction\",\"target\":{\"@type\":\"EntryPoint\",\"urlTemplate\":\"http:\/\/ericbertrand.be\/?s={search_term_string}\"},\"query-input\":{\"@type\":\"PropertyValueSpecification\",\"valueRequired\":true,\"valueName\":\"search_term_string\"}}],\"inLanguage\":\"fr-FR\"},{\"@type\":[\"Person\",\"Organization\"],\"@id\":\"http:\/\/ericbertrand.be\/#\/schema\/person\/8c1daa4d6236bdf3b9f7e5464718b6a3\",\"name\":\"Eric Bertrand\",\"image\":{\"@type\":\"ImageObject\",\"inLanguage\":\"fr-FR\",\"@id\":\"http:\/\/ericbertrand.be\/#\/schema\/person\/image\/\",\"url\":\"https:\/\/secure.gravatar.com\/avatar\/203e8779cdc232dab7339a0203eb6d2e3c4496c340e5e06a1ddda8999e5215c9?s=96&d=mm&r=g\",\"contentUrl\":\"https:\/\/secure.gravatar.com\/avatar\/203e8779cdc232dab7339a0203eb6d2e3c4496c340e5e06a1ddda8999e5215c9?s=96&d=mm&r=g\",\"caption\":\"Eric Bertrand\"},\"logo\":{\"@id\":\"http:\/\/ericbertrand.be\/#\/schema\/person\/image\/\"},\"description\":\"Informaticien de gestion-ing\u00e9nieur syst\u00e8me-d\u00e9veloppeur Windev-Instrumentiste-automaticien r\u00e9gulateur CEO EB SYS SPRL\",\"url\":\"https:\/\/ericbertrand.be\/index.php\/author\/admin3210\/\"}]}<\/script>\n<!-- \/ Yoast SEO plugin. -->","yoast_head_json":{"title":"Le GDPR aura-t-il un impact sur les prestataires de services digitaux ? - Eric Bertrand","robots":{"index":"index","follow":"follow","max-snippet":"max-snippet:-1","max-image-preview":"max-image-preview:large","max-video-preview":"max-video-preview:-1"},"canonical":"https:\/\/ericbertrand.be\/index.php\/2018\/03\/15\/gdpr-aura-t-impact-prestataires-de-services-digitaux\/","og_locale":"fr_FR","og_type":"article","og_title":"Le GDPR aura-t-il un impact sur les prestataires de services digitaux ? - Eric Bertrand","og_description":"En vigueur d\u00e8s le mois de mai, le GDPR impactera la gestion des donn\u00e9es personnelles des prestataires de services digitaux. Olivier De Doncker, Digital Wallonia Champion et Pr\u00e9sident de la f\u00e9d\u00e9ration des entrepreneurs du web (FeWeb), souligne l\u2019importance de ces changements de leur collecte \u00e0 leur transfert. Beaucoup d\u2019entreprises wallonnes peinent encore \u00e0 mesurer l\u2019ampleur","og_url":"https:\/\/ericbertrand.be\/index.php\/2018\/03\/15\/gdpr-aura-t-impact-prestataires-de-services-digitaux\/","og_site_name":"Eric Bertrand","article_published_time":"2018-03-15T15:32:00+00:00","article_modified_time":"2018-03-15T15:36:36+00:00","og_image":[{"url":"https:\/\/www.digitalwallonia.be\/wp-content\/uploads\/2018\/03\/iStock-920176776-753x413.jpg","type":"","width":"","height":""}],"author":"Eric Bertrand","twitter_card":"summary_large_image","twitter_misc":{"\u00c9crit par":"Eric Bertrand","Dur\u00e9e de lecture estim\u00e9e":"1 minute"},"schema":{"@context":"https:\/\/schema.org","@graph":[{"@type":"Article","@id":"https:\/\/ericbertrand.be\/index.php\/2018\/03\/15\/gdpr-aura-t-impact-prestataires-de-services-digitaux\/#article","isPartOf":{"@id":"https:\/\/ericbertrand.be\/index.php\/2018\/03\/15\/gdpr-aura-t-impact-prestataires-de-services-digitaux\/"},"author":{"name":"Eric Bertrand","@id":"http:\/\/ericbertrand.be\/#\/schema\/person\/8c1daa4d6236bdf3b9f7e5464718b6a3"},"headline":"Le GDPR aura-t-il un impact sur les prestataires de services digitaux ?","datePublished":"2018-03-15T15:32:00+00:00","dateModified":"2018-03-15T15:36:36+00:00","mainEntityOfPage":{"@id":"https:\/\/ericbertrand.be\/index.php\/2018\/03\/15\/gdpr-aura-t-impact-prestataires-de-services-digitaux\/"},"wordCount":306,"commentCount":0,"publisher":{"@id":"http:\/\/ericbertrand.be\/#\/schema\/person\/8c1daa4d6236bdf3b9f7e5464718b6a3"},"image":{"@id":"https:\/\/ericbertrand.be\/index.php\/2018\/03\/15\/gdpr-aura-t-impact-prestataires-de-services-digitaux\/#primaryimage"},"thumbnailUrl":"https:\/\/www.digitalwallonia.be\/wp-content\/uploads\/2018\/03\/iStock-920176776-753x413.jpg","inLanguage":"fr-FR","potentialAction":[{"@type":"CommentAction","name":"Comment","target":["https:\/\/ericbertrand.be\/index.php\/2018\/03\/15\/gdpr-aura-t-impact-prestataires-de-services-digitaux\/#respond"]}]},{"@type":"WebPage","@id":"https:\/\/ericbertrand.be\/index.php\/2018\/03\/15\/gdpr-aura-t-impact-prestataires-de-services-digitaux\/","url":"https:\/\/ericbertrand.be\/index.php\/2018\/03\/15\/gdpr-aura-t-impact-prestataires-de-services-digitaux\/","name":"Le GDPR aura-t-il un impact sur les prestataires de services digitaux ? - Eric Bertrand","isPartOf":{"@id":"http:\/\/ericbertrand.be\/#website"},"primaryImageOfPage":{"@id":"https:\/\/ericbertrand.be\/index.php\/2018\/03\/15\/gdpr-aura-t-impact-prestataires-de-services-digitaux\/#primaryimage"},"image":{"@id":"https:\/\/ericbertrand.be\/index.php\/2018\/03\/15\/gdpr-aura-t-impact-prestataires-de-services-digitaux\/#primaryimage"},"thumbnailUrl":"https:\/\/www.digitalwallonia.be\/wp-content\/uploads\/2018\/03\/iStock-920176776-753x413.jpg","datePublished":"2018-03-15T15:32:00+00:00","dateModified":"2018-03-15T15:36:36+00:00","breadcrumb":{"@id":"https:\/\/ericbertrand.be\/index.php\/2018\/03\/15\/gdpr-aura-t-impact-prestataires-de-services-digitaux\/#breadcrumb"},"inLanguage":"fr-FR","potentialAction":[{"@type":"ReadAction","target":["https:\/\/ericbertrand.be\/index.php\/2018\/03\/15\/gdpr-aura-t-impact-prestataires-de-services-digitaux\/"]}]},{"@type":"ImageObject","inLanguage":"fr-FR","@id":"https:\/\/ericbertrand.be\/index.php\/2018\/03\/15\/gdpr-aura-t-impact-prestataires-de-services-digitaux\/#primaryimage","url":"https:\/\/www.digitalwallonia.be\/wp-content\/uploads\/2018\/03\/iStock-920176776-753x413.jpg","contentUrl":"https:\/\/www.digitalwallonia.be\/wp-content\/uploads\/2018\/03\/iStock-920176776-753x413.jpg"},{"@type":"BreadcrumbList","@id":"https:\/\/ericbertrand.be\/index.php\/2018\/03\/15\/gdpr-aura-t-impact-prestataires-de-services-digitaux\/#breadcrumb","itemListElement":[{"@type":"ListItem","position":1,"name":"Accueil","item":"http:\/\/ericbertrand.be\/"},{"@type":"ListItem","position":2,"name":"Le GDPR aura-t-il un impact sur les prestataires de services digitaux ?"}]},{"@type":"WebSite","@id":"http:\/\/ericbertrand.be\/#website","url":"http:\/\/ericbertrand.be\/","name":"Eric Bertrand","description":"Eric Bertrand : Conf\u00e9rencier, consultant et entrepreneur","publisher":{"@id":"http:\/\/ericbertrand.be\/#\/schema\/person\/8c1daa4d6236bdf3b9f7e5464718b6a3"},"potentialAction":[{"@type":"SearchAction","target":{"@type":"EntryPoint","urlTemplate":"http:\/\/ericbertrand.be\/?s={search_term_string}"},"query-input":{"@type":"PropertyValueSpecification","valueRequired":true,"valueName":"search_term_string"}}],"inLanguage":"fr-FR"},{"@type":["Person","Organization"],"@id":"http:\/\/ericbertrand.be\/#\/schema\/person\/8c1daa4d6236bdf3b9f7e5464718b6a3","name":"Eric Bertrand","image":{"@type":"ImageObject","inLanguage":"fr-FR","@id":"http:\/\/ericbertrand.be\/#\/schema\/person\/image\/","url":"https:\/\/secure.gravatar.com\/avatar\/203e8779cdc232dab7339a0203eb6d2e3c4496c340e5e06a1ddda8999e5215c9?s=96&d=mm&r=g","contentUrl":"https:\/\/secure.gravatar.com\/avatar\/203e8779cdc232dab7339a0203eb6d2e3c4496c340e5e06a1ddda8999e5215c9?s=96&d=mm&r=g","caption":"Eric Bertrand"},"logo":{"@id":"http:\/\/ericbertrand.be\/#\/schema\/person\/image\/"},"description":"Informaticien de gestion-ing\u00e9nieur syst\u00e8me-d\u00e9veloppeur Windev-Instrumentiste-automaticien r\u00e9gulateur CEO EB SYS SPRL","url":"https:\/\/ericbertrand.be\/index.php\/author\/admin3210\/"}]}},"_links":{"self":[{"href":"https:\/\/ericbertrand.be\/index.php\/wp-json\/wp\/v2\/posts\/216","targetHints":{"allow":["GET"]}}],"collection":[{"href":"https:\/\/ericbertrand.be\/index.php\/wp-json\/wp\/v2\/posts"}],"about":[{"href":"https:\/\/ericbertrand.be\/index.php\/wp-json\/wp\/v2\/types\/post"}],"author":[{"embeddable":true,"href":"https:\/\/ericbertrand.be\/index.php\/wp-json\/wp\/v2\/users\/1"}],"replies":[{"embeddable":true,"href":"https:\/\/ericbertrand.be\/index.php\/wp-json\/wp\/v2\/comments?post=216"}],"version-history":[{"count":4,"href":"https:\/\/ericbertrand.be\/index.php\/wp-json\/wp\/v2\/posts\/216\/revisions"}],"predecessor-version":[{"id":220,"href":"https:\/\/ericbertrand.be\/index.php\/wp-json\/wp\/v2\/posts\/216\/revisions\/220"}],"wp:attachment":[{"href":"https:\/\/ericbertrand.be\/index.php\/wp-json\/wp\/v2\/media?parent=216"}],"wp:term":[{"taxonomy":"category","embeddable":true,"href":"https:\/\/ericbertrand.be\/index.php\/wp-json\/wp\/v2\/categories?post=216"},{"taxonomy":"post_tag","embeddable":true,"href":"https:\/\/ericbertrand.be\/index.php\/wp-json\/wp\/v2\/tags?post=216"}],"curies":[{"name":"wp","href":"https:\/\/api.w.org\/{rel}","templated":true}]}}